{"id":78,"date":"2021-07-30T21:41:46","date_gmt":"2021-07-30T19:41:46","guid":{"rendered":"http:\/\/geschmiertes.de\/geschmiertes\/?p=78"},"modified":"2021-08-25T22:00:07","modified_gmt":"2021-08-25T20:00:07","slug":"offenes-atelier-ausstellung","status":"publish","type":"post","link":"https:\/\/geschmiertes.de\/geschmiertes\/2021\/07\/30\/offenes-atelier-ausstellung\/","title":{"rendered":"Offenes Atelier &#038; Ausstellung"},"content":{"rendered":"\n<figure class=\"wp-block-gallery columns-2 is-cropped wp-block-gallery-1 is-layout-flex wp-block-gallery-is-layout-flex\"><ul class=\"blocks-gallery-grid\"><li class=\"blocks-gallery-item\"><figure><a href=\"https:\/\/geschmiertes.de\/geschmiertes\/wp-content\/uploads\/2021\/07\/Atelier-Bischofswerda_2021-09-17_Werbung_Einladung_01-1024x576.jpg\"><img decoding=\"async\" width=\"1024\" height=\"576\" data-src=\"https:\/\/geschmiertes.de\/geschmiertes\/wp-content\/uploads\/2021\/07\/Atelier-Bischofswerda_2021-09-17_Werbung_Einladung_01-1024x576.jpg\" alt=\"\" data-id=\"121\" class=\"wp-image-121 lazyload\" data-srcset=\"https:\/\/geschmiertes.de\/geschmiertes\/wp-content\/uploads\/2021\/07\/Atelier-Bischofswerda_2021-09-17_Werbung_Einladung_01-1024x576.jpg 1024w, https:\/\/geschmiertes.de\/geschmiertes\/wp-content\/uploads\/2021\/07\/Atelier-Bischofswerda_2021-09-17_Werbung_Einladung_01-300x169.jpg 300w, https:\/\/geschmiertes.de\/geschmiertes\/wp-content\/uploads\/2021\/07\/Atelier-Bischofswerda_2021-09-17_Werbung_Einladung_01-768x432.jpg 768w, https:\/\/geschmiertes.de\/geschmiertes\/wp-content\/uploads\/2021\/07\/Atelier-Bischofswerda_2021-09-17_Werbung_Einladung_01-1536x864.jpg 1536w, https:\/\/geschmiertes.de\/geschmiertes\/wp-content\/uploads\/2021\/07\/Atelier-Bischofswerda_2021-09-17_Werbung_Einladung_01.jpg 1920w\" data-sizes=\"(max-width: 1024px) 100vw, 1024px\" src=\"data:image\/svg+xml;base64,PHN2ZyB3aWR0aD0iMSIgaGVpZ2h0PSIxIiB4bWxucz0iaHR0cDovL3d3dy53My5vcmcvMjAwMC9zdmciPjwvc3ZnPg==\" style=\"--smush-placeholder-width: 1024px; --smush-placeholder-aspect-ratio: 1024\/576;\" \/><\/a><\/figure><\/li><li class=\"blocks-gallery-item\"><figure><a href=\"https:\/\/geschmiertes.de\/geschmiertes\/wp-content\/uploads\/2021\/07\/Atelier-Bischofswerda_2021-09-17_Werbung_Karte-Back-1024x576.jpg\"><img decoding=\"async\" width=\"1024\" height=\"576\" data-src=\"https:\/\/geschmiertes.de\/geschmiertes\/wp-content\/uploads\/2021\/07\/Atelier-Bischofswerda_2021-09-17_Werbung_Karte-Back-1024x576.jpg\" alt=\"\" data-id=\"122\" class=\"wp-image-122 lazyload\" data-srcset=\"https:\/\/geschmiertes.de\/geschmiertes\/wp-content\/uploads\/2021\/07\/Atelier-Bischofswerda_2021-09-17_Werbung_Karte-Back-1024x576.jpg 1024w, https:\/\/geschmiertes.de\/geschmiertes\/wp-content\/uploads\/2021\/07\/Atelier-Bischofswerda_2021-09-17_Werbung_Karte-Back-300x169.jpg 300w, https:\/\/geschmiertes.de\/geschmiertes\/wp-content\/uploads\/2021\/07\/Atelier-Bischofswerda_2021-09-17_Werbung_Karte-Back-768x432.jpg 768w, https:\/\/geschmiertes.de\/geschmiertes\/wp-content\/uploads\/2021\/07\/Atelier-Bischofswerda_2021-09-17_Werbung_Karte-Back-1536x864.jpg 1536w, https:\/\/geschmiertes.de\/geschmiertes\/wp-content\/uploads\/2021\/07\/Atelier-Bischofswerda_2021-09-17_Werbung_Karte-Back.jpg 1920w\" data-sizes=\"(max-width: 1024px) 100vw, 1024px\" src=\"data:image\/svg+xml;base64,PHN2ZyB3aWR0aD0iMSIgaGVpZ2h0PSIxIiB4bWxucz0iaHR0cDovL3d3dy53My5vcmcvMjAwMC9zdmciPjwvc3ZnPg==\" style=\"--smush-placeholder-width: 1024px; --smush-placeholder-aspect-ratio: 1024\/576;\" \/><\/a><\/figure><\/li><\/ul><\/figure>\n\n\n\n<div class=\"wp-block-columns is-layout-flex wp-container-core-columns-is-layout-9d6595d7 wp-block-columns-is-layout-flex\">\n<div class=\"wp-block-column is-layout-flow wp-block-column-is-layout-flow\">\n<p><strong>SCHMIERSTATT RICHTER<\/strong><br><strong>Offenes Atelier &amp; Ausstellung<br>Malerei \u2013 Grafik \u2013 Fotografie<\/strong><\/p>\n<\/div>\n\n\n\n<div class=\"wp-block-column is-layout-flow wp-block-column-is-layout-flow\">\n<p>Lindenstra\u00dfe 4 in 01877 Bischofswerda<br>17 | 18 | 19 September 2021<\/p>\n<\/div>\n\n\n\n<div class=\"wp-block-column is-layout-flow wp-block-column-is-layout-flow\">\n<p>Freitag, 17. September: 16 bis 22 Uhr<br>Samstag, 18. September: 10 bis 20 Uhr<br>Sonntag, 19. September: 10 bis 18 Uhr<\/p>\n<\/div>\n<\/div>\n\n\n\n<p><strong>Werte Damen und Herren,<br>liebe Freunde und Interessierte,<\/strong><\/p>\n\n\n\n<p>wie ein leider viel zu selten genutztes Sprichwort unbekannten Ursprungs schon besagt, <em>\u201eerstens kommt es eben anders, anderser als man denkt\u201c<\/em> (\u2026): P\u00fcnktlich zur geplanten \u00d6ffnung von Ausstellung und Atelier im M\u00e4rz 2020 schwang dem Thore gleich der erste Lockdown seinen Hammer und sorgte f\u00fcr tiefwinterliche Ruhe in den Weiten und Breiten dieses Landes. Mittlerweile hat das stete Auf und Ab die Welt in Kreuz- und Quer-, in Dauer- und Gelegenheitsdenker gespalten und nebenher ein Heer an Naturwissenschaftlern aufgestellt \u2013 und damit ein Sammelsurium an Haltungen gezeugt, in dem ein jeder f\u00fcr sich glaubt, der Wahrheit Grund ertaucht zu haben.<\/p>\n\n\n\n<figure class=\"wp-block-video aligncenter\"><video height=\"1080\" style=\"aspect-ratio: 1920 \/ 1080;\" width=\"1920\" controls src=\"https:\/\/geschmiertes.de\/geschmiertes\/wp-content\/uploads\/2021\/08\/Ist_2021-08-11_Eroeffnung-Schmierstatt_Teaser-01.mp4\"><\/video><\/figure>\n\n\n\n<p>Nun, bei der Wahrheitsfindung, sofern Sie dort noch Bedarf anmelden, kann ich Ihnen mangels Taucherfahrung wenig helfen, aber angesichts des derzeitigen Normalisierungsmodus\u2018 m\u00f6chte ich die Gelegenheit dazu nutzen, erneut, und nun hoffentlich erfolgversprechend, meine Pforten zu \u00f6ffnen: Dazu seien Sie vom 17. bis 19. September 2021 herzlichst auf die Lindenstra\u00dfe 4 in Bischofswerda geladen. Ein Einblick in aktuelle und schon angestaubte Arbeiten, vorzugsweise aus den Bereichen Malerei und Fotografie, sei Ihnen geboten \u2013 allerdings scheint sich auch im Konflikt der Formen bei der malerischen Umsetzung von Erlebtem keinerlei Waffenstillstand anzubahnen.<\/p>\n\n\n\n<p>Aber auch heuer ist es nicht sicher, was uns das Infektionsgeschehen an \u00dcberraschungen vorh\u00e4lt \u2013 im Sinne des respekt- und r\u00fccksichtsvollen Umgangs miteinander bitte ich darum, die im September aktuellen Hygienehinweise zu achten. Als Verbraucherhinweis muss ich Ihnen noch mitteilen, dass f\u00fcr gehbeeintr\u00e4chtigte Mitmenschen der Aufstieg in die R\u00e4umlichkeiten sehr beschwerlich wird.<\/p>\n\n\n\n<p>In freudiger Erwartung auf Ihren Besuch, Ihre Meinungen und Kommentare verbleibe ich mit den besten Gr\u00fc\u00dfen. Und bleiben Sie nat\u00fcrlich gesund!<\/p>\n\n\n\n<p><strong><em>Karsten Richter im Juli 2021<\/em><\/strong><\/p>\n\n\n\n<figure class=\"wp-block-video aligncenter\"><video height=\"1080\" style=\"aspect-ratio: 1920 \/ 1080;\" width=\"1920\" controls poster=\"https:\/\/geschmiertes.de\/geschmiertes\/wp-content\/uploads\/2021\/08\/Lauf_2019-05-23_Video-TS-Medien.jpg\" src=\"https:\/\/geschmiertes.de\/geschmiertes\/wp-content\/uploads\/2021\/08\/Lauf_2019-05-23_Video-TS-Medien.mp4\"><\/video><\/figure>\n","protected":false},"excerpt":{"rendered":"<p>wie ein leider viel zu selten genutztes Sprichwort unbekannten Ursprungs schon besagt, \u201eerstens kommt es eben anders, anderser als man denkt\u201c (\u2026): <a href=\"https:\/\/geschmiertes.de\/geschmiertes\/2021\/07\/30\/offenes-atelier-ausstellung\/\" class=\"more-link\"><span class=\"readmore\">Weiter lesen<svg class=\"icon icon-angle-right\" aria-hidden=\"true\" role=\"img\"> <use href=\"#icon-angle-right\" xlink:href=\"#icon-angle-right\"><\/use> <\/svg><span class=\"screen-reader-text\">Offenes Atelier &#038; Ausstellung<\/span><\/span><\/a><\/p>\n","protected":false},"author":2,"featured_media":121,"comment_status":"closed","ping_status":"closed","sticky":true,"template":"","format":"standard","meta":{"footnotes":""},"categories":[2],"tags":[],"class_list":["post-78","post","type-post","status-publish","format-standard","has-post-thumbnail","hentry","category-ist"],"yoast_head":"<!-- This site is optimized with the Yoast SEO plugin v27.3 - https:\/\/yoast.com\/product\/yoast-seo-wordpress\/ -->\n<title>Offenes Atelier &amp; Ausstellung - geschmiertes.de<\/title>\n<meta name=\"robots\" content=\"index, follow, max-snippet:-1, max-image-preview:large, max-video-preview:-1\" \/>\n<link rel=\"canonical\" href=\"https:\/\/geschmiertes.de\/geschmiertes\/2021\/07\/30\/offenes-atelier-ausstellung\/\" \/>\n<meta property=\"og:locale\" content=\"de_DE\" \/>\n<meta property=\"og:type\" content=\"article\" \/>\n<meta property=\"og:title\" content=\"Offenes Atelier &amp; Ausstellung - geschmiertes.de\" \/>\n<meta property=\"og:description\" content=\"wie ein leider viel zu selten genutztes Sprichwort unbekannten Ursprungs schon besagt, \u201eerstens kommt es eben anders, anderser als man denkt\u201c (\u2026): Weiter lesen Offenes Atelier &#038; Ausstellung\" \/>\n<meta property=\"og:url\" content=\"https:\/\/geschmiertes.de\/geschmiertes\/2021\/07\/30\/offenes-atelier-ausstellung\/\" \/>\n<meta property=\"og:site_name\" content=\"geschmiertes.de\" \/>\n<meta property=\"article:published_time\" content=\"2021-07-30T19:41:46+00:00\" \/>\n<meta property=\"article:modified_time\" content=\"2021-08-25T20:00:07+00:00\" \/>\n<meta property=\"og:image\" content=\"https:\/\/geschmiertes.de\/geschmiertes\/wp-content\/uploads\/2021\/07\/Atelier-Bischofswerda_2021-09-17_Werbung_Einladung_01.jpg\" \/>\n\t<meta property=\"og:image:width\" content=\"1920\" \/>\n\t<meta property=\"og:image:height\" content=\"1080\" \/>\n\t<meta property=\"og:image:type\" content=\"image\/jpeg\" \/>\n<meta name=\"author\" content=\"Karsten Richter\" \/>\n<meta name=\"twitter:card\" content=\"summary_large_image\" \/>\n<meta name=\"twitter:label1\" content=\"Verfasst von\" \/>\n\t<meta name=\"twitter:data1\" content=\"Karsten Richter\" \/>\n\t<meta name=\"twitter:label2\" content=\"Gesch\u00e4tzte Lesezeit\" \/>\n\t<meta name=\"twitter:data2\" content=\"2\u00a0Minuten\" \/>\n<script type=\"application\/ld+json\" class=\"yoast-schema-graph\">{\"@context\":\"https:\\\/\\\/schema.org\",\"@graph\":[{\"@type\":\"Article\",\"@id\":\"https:\\\/\\\/geschmiertes.de\\\/geschmiertes\\\/2021\\\/07\\\/30\\\/offenes-atelier-ausstellung\\\/#article\",\"isPartOf\":{\"@id\":\"https:\\\/\\\/geschmiertes.de\\\/geschmiertes\\\/2021\\\/07\\\/30\\\/offenes-atelier-ausstellung\\\/\"},\"author\":{\"name\":\"Karsten Richter\",\"@id\":\"https:\\\/\\\/geschmiertes.de\\\/geschmiertes\\\/#\\\/schema\\\/person\\\/a9b13186d939f0df93a21d2f7d97ccdc\"},\"headline\":\"Offenes Atelier &#038; Ausstellung\",\"datePublished\":\"2021-07-30T19:41:46+00:00\",\"dateModified\":\"2021-08-25T20:00:07+00:00\",\"mainEntityOfPage\":{\"@id\":\"https:\\\/\\\/geschmiertes.de\\\/geschmiertes\\\/2021\\\/07\\\/30\\\/offenes-atelier-ausstellung\\\/\"},\"wordCount\":305,\"publisher\":{\"@id\":\"https:\\\/\\\/geschmiertes.de\\\/geschmiertes\\\/#\\\/schema\\\/person\\\/a9b13186d939f0df93a21d2f7d97ccdc\"},\"image\":{\"@id\":\"https:\\\/\\\/geschmiertes.de\\\/geschmiertes\\\/2021\\\/07\\\/30\\\/offenes-atelier-ausstellung\\\/#primaryimage\"},\"thumbnailUrl\":\"https:\\\/\\\/geschmiertes.de\\\/geschmiertes\\\/wp-content\\\/uploads\\\/2021\\\/07\\\/Atelier-Bischofswerda_2021-09-17_Werbung_Einladung_01.jpg\",\"articleSection\":[\"Ist\"],\"inLanguage\":\"de\"},{\"@type\":\"WebPage\",\"@id\":\"https:\\\/\\\/geschmiertes.de\\\/geschmiertes\\\/2021\\\/07\\\/30\\\/offenes-atelier-ausstellung\\\/\",\"url\":\"https:\\\/\\\/geschmiertes.de\\\/geschmiertes\\\/2021\\\/07\\\/30\\\/offenes-atelier-ausstellung\\\/\",\"name\":\"Offenes Atelier & Ausstellung - geschmiertes.de\",\"isPartOf\":{\"@id\":\"https:\\\/\\\/geschmiertes.de\\\/geschmiertes\\\/#website\"},\"primaryImageOfPage\":{\"@id\":\"https:\\\/\\\/geschmiertes.de\\\/geschmiertes\\\/2021\\\/07\\\/30\\\/offenes-atelier-ausstellung\\\/#primaryimage\"},\"image\":{\"@id\":\"https:\\\/\\\/geschmiertes.de\\\/geschmiertes\\\/2021\\\/07\\\/30\\\/offenes-atelier-ausstellung\\\/#primaryimage\"},\"thumbnailUrl\":\"https:\\\/\\\/geschmiertes.de\\\/geschmiertes\\\/wp-content\\\/uploads\\\/2021\\\/07\\\/Atelier-Bischofswerda_2021-09-17_Werbung_Einladung_01.jpg\",\"datePublished\":\"2021-07-30T19:41:46+00:00\",\"dateModified\":\"2021-08-25T20:00:07+00:00\",\"breadcrumb\":{\"@id\":\"https:\\\/\\\/geschmiertes.de\\\/geschmiertes\\\/2021\\\/07\\\/30\\\/offenes-atelier-ausstellung\\\/#breadcrumb\"},\"inLanguage\":\"de\",\"potentialAction\":[{\"@type\":\"ReadAction\",\"target\":[\"https:\\\/\\\/geschmiertes.de\\\/geschmiertes\\\/2021\\\/07\\\/30\\\/offenes-atelier-ausstellung\\\/\"]}]},{\"@type\":\"ImageObject\",\"inLanguage\":\"de\",\"@id\":\"https:\\\/\\\/geschmiertes.de\\\/geschmiertes\\\/2021\\\/07\\\/30\\\/offenes-atelier-ausstellung\\\/#primaryimage\",\"url\":\"https:\\\/\\\/geschmiertes.de\\\/geschmiertes\\\/wp-content\\\/uploads\\\/2021\\\/07\\\/Atelier-Bischofswerda_2021-09-17_Werbung_Einladung_01.jpg\",\"contentUrl\":\"https:\\\/\\\/geschmiertes.de\\\/geschmiertes\\\/wp-content\\\/uploads\\\/2021\\\/07\\\/Atelier-Bischofswerda_2021-09-17_Werbung_Einladung_01.jpg\",\"width\":1920,\"height\":1080},{\"@type\":\"BreadcrumbList\",\"@id\":\"https:\\\/\\\/geschmiertes.de\\\/geschmiertes\\\/2021\\\/07\\\/30\\\/offenes-atelier-ausstellung\\\/#breadcrumb\",\"itemListElement\":[{\"@type\":\"ListItem\",\"position\":1,\"name\":\"Startseite\",\"item\":\"https:\\\/\\\/geschmiertes.de\\\/geschmiertes\\\/\"},{\"@type\":\"ListItem\",\"position\":2,\"name\":\"Offenes Atelier &#038; Ausstellung\"}]},{\"@type\":\"WebSite\",\"@id\":\"https:\\\/\\\/geschmiertes.de\\\/geschmiertes\\\/#website\",\"url\":\"https:\\\/\\\/geschmiertes.de\\\/geschmiertes\\\/\",\"name\":\"geschmiertes.de\",\"description\":\"Karsten Richter\",\"publisher\":{\"@id\":\"https:\\\/\\\/geschmiertes.de\\\/geschmiertes\\\/#\\\/schema\\\/person\\\/a9b13186d939f0df93a21d2f7d97ccdc\"},\"potentialAction\":[{\"@type\":\"SearchAction\",\"target\":{\"@type\":\"EntryPoint\",\"urlTemplate\":\"https:\\\/\\\/geschmiertes.de\\\/geschmiertes\\\/?s={search_term_string}\"},\"query-input\":{\"@type\":\"PropertyValueSpecification\",\"valueRequired\":true,\"valueName\":\"search_term_string\"}}],\"inLanguage\":\"de\"},{\"@type\":[\"Person\",\"Organization\"],\"@id\":\"https:\\\/\\\/geschmiertes.de\\\/geschmiertes\\\/#\\\/schema\\\/person\\\/a9b13186d939f0df93a21d2f7d97ccdc\",\"name\":\"Karsten Richter\",\"image\":{\"@type\":\"ImageObject\",\"inLanguage\":\"de\",\"@id\":\"http:\\\/\\\/geschmiertes.de\\\/geschmiertes\\\/wp-content\\\/uploads\\\/2021\\\/08\\\/Lauf_2019-05-23_Video-TS-Medien.jpg\",\"url\":\"http:\\\/\\\/geschmiertes.de\\\/geschmiertes\\\/wp-content\\\/uploads\\\/2021\\\/08\\\/Lauf_2019-05-23_Video-TS-Medien.jpg\",\"contentUrl\":\"http:\\\/\\\/geschmiertes.de\\\/geschmiertes\\\/wp-content\\\/uploads\\\/2021\\\/08\\\/Lauf_2019-05-23_Video-TS-Medien.jpg\",\"width\":1920,\"height\":908,\"caption\":\"Karsten Richter\"},\"logo\":{\"@id\":\"http:\\\/\\\/geschmiertes.de\\\/geschmiertes\\\/wp-content\\\/uploads\\\/2021\\\/08\\\/Lauf_2019-05-23_Video-TS-Medien.jpg\"},\"sameAs\":[\"http:\\\/\\\/noisepoint.net\\\/\"],\"url\":\"https:\\\/\\\/geschmiertes.de\\\/geschmiertes\\\/author\\\/karsten\\\/\"}]}<\/script>\n<!-- \/ Yoast SEO plugin. -->","yoast_head_json":{"title":"Offenes Atelier & Ausstellung - geschmiertes.de","robots":{"index":"index","follow":"follow","max-snippet":"max-snippet:-1","max-image-preview":"max-image-preview:large","max-video-preview":"max-video-preview:-1"},"canonical":"https:\/\/geschmiertes.de\/geschmiertes\/2021\/07\/30\/offenes-atelier-ausstellung\/","og_locale":"de_DE","og_type":"article","og_title":"Offenes Atelier & Ausstellung - geschmiertes.de","og_description":"wie ein leider viel zu selten genutztes Sprichwort unbekannten Ursprungs schon besagt, \u201eerstens kommt es eben anders, anderser als man denkt\u201c (\u2026): Weiter lesen Offenes Atelier &#038; Ausstellung","og_url":"https:\/\/geschmiertes.de\/geschmiertes\/2021\/07\/30\/offenes-atelier-ausstellung\/","og_site_name":"geschmiertes.de","article_published_time":"2021-07-30T19:41:46+00:00","article_modified_time":"2021-08-25T20:00:07+00:00","og_image":[{"width":1920,"height":1080,"url":"https:\/\/geschmiertes.de\/geschmiertes\/wp-content\/uploads\/2021\/07\/Atelier-Bischofswerda_2021-09-17_Werbung_Einladung_01.jpg","type":"image\/jpeg"}],"author":"Karsten Richter","twitter_card":"summary_large_image","twitter_misc":{"Verfasst von":"Karsten Richter","Gesch\u00e4tzte Lesezeit":"2\u00a0Minuten"},"schema":{"@context":"https:\/\/schema.org","@graph":[{"@type":"Article","@id":"https:\/\/geschmiertes.de\/geschmiertes\/2021\/07\/30\/offenes-atelier-ausstellung\/#article","isPartOf":{"@id":"https:\/\/geschmiertes.de\/geschmiertes\/2021\/07\/30\/offenes-atelier-ausstellung\/"},"author":{"name":"Karsten Richter","@id":"https:\/\/geschmiertes.de\/geschmiertes\/#\/schema\/person\/a9b13186d939f0df93a21d2f7d97ccdc"},"headline":"Offenes Atelier &#038; Ausstellung","datePublished":"2021-07-30T19:41:46+00:00","dateModified":"2021-08-25T20:00:07+00:00","mainEntityOfPage":{"@id":"https:\/\/geschmiertes.de\/geschmiertes\/2021\/07\/30\/offenes-atelier-ausstellung\/"},"wordCount":305,"publisher":{"@id":"https:\/\/geschmiertes.de\/geschmiertes\/#\/schema\/person\/a9b13186d939f0df93a21d2f7d97ccdc"},"image":{"@id":"https:\/\/geschmiertes.de\/geschmiertes\/2021\/07\/30\/offenes-atelier-ausstellung\/#primaryimage"},"thumbnailUrl":"https:\/\/geschmiertes.de\/geschmiertes\/wp-content\/uploads\/2021\/07\/Atelier-Bischofswerda_2021-09-17_Werbung_Einladung_01.jpg","articleSection":["Ist"],"inLanguage":"de"},{"@type":"WebPage","@id":"https:\/\/geschmiertes.de\/geschmiertes\/2021\/07\/30\/offenes-atelier-ausstellung\/","url":"https:\/\/geschmiertes.de\/geschmiertes\/2021\/07\/30\/offenes-atelier-ausstellung\/","name":"Offenes Atelier & Ausstellung - geschmiertes.de","isPartOf":{"@id":"https:\/\/geschmiertes.de\/geschmiertes\/#website"},"primaryImageOfPage":{"@id":"https:\/\/geschmiertes.de\/geschmiertes\/2021\/07\/30\/offenes-atelier-ausstellung\/#primaryimage"},"image":{"@id":"https:\/\/geschmiertes.de\/geschmiertes\/2021\/07\/30\/offenes-atelier-ausstellung\/#primaryimage"},"thumbnailUrl":"https:\/\/geschmiertes.de\/geschmiertes\/wp-content\/uploads\/2021\/07\/Atelier-Bischofswerda_2021-09-17_Werbung_Einladung_01.jpg","datePublished":"2021-07-30T19:41:46+00:00","dateModified":"2021-08-25T20:00:07+00:00","breadcrumb":{"@id":"https:\/\/geschmiertes.de\/geschmiertes\/2021\/07\/30\/offenes-atelier-ausstellung\/#breadcrumb"},"inLanguage":"de","potentialAction":[{"@type":"ReadAction","target":["https:\/\/geschmiertes.de\/geschmiertes\/2021\/07\/30\/offenes-atelier-ausstellung\/"]}]},{"@type":"ImageObject","inLanguage":"de","@id":"https:\/\/geschmiertes.de\/geschmiertes\/2021\/07\/30\/offenes-atelier-ausstellung\/#primaryimage","url":"https:\/\/geschmiertes.de\/geschmiertes\/wp-content\/uploads\/2021\/07\/Atelier-Bischofswerda_2021-09-17_Werbung_Einladung_01.jpg","contentUrl":"https:\/\/geschmiertes.de\/geschmiertes\/wp-content\/uploads\/2021\/07\/Atelier-Bischofswerda_2021-09-17_Werbung_Einladung_01.jpg","width":1920,"height":1080},{"@type":"BreadcrumbList","@id":"https:\/\/geschmiertes.de\/geschmiertes\/2021\/07\/30\/offenes-atelier-ausstellung\/#breadcrumb","itemListElement":[{"@type":"ListItem","position":1,"name":"Startseite","item":"https:\/\/geschmiertes.de\/geschmiertes\/"},{"@type":"ListItem","position":2,"name":"Offenes Atelier &#038; Ausstellung"}]},{"@type":"WebSite","@id":"https:\/\/geschmiertes.de\/geschmiertes\/#website","url":"https:\/\/geschmiertes.de\/geschmiertes\/","name":"geschmiertes.de","description":"Karsten Richter","publisher":{"@id":"https:\/\/geschmiertes.de\/geschmiertes\/#\/schema\/person\/a9b13186d939f0df93a21d2f7d97ccdc"},"potentialAction":[{"@type":"SearchAction","target":{"@type":"EntryPoint","urlTemplate":"https:\/\/geschmiertes.de\/geschmiertes\/?s={search_term_string}"},"query-input":{"@type":"PropertyValueSpecification","valueRequired":true,"valueName":"search_term_string"}}],"inLanguage":"de"},{"@type":["Person","Organization"],"@id":"https:\/\/geschmiertes.de\/geschmiertes\/#\/schema\/person\/a9b13186d939f0df93a21d2f7d97ccdc","name":"Karsten Richter","image":{"@type":"ImageObject","inLanguage":"de","@id":"http:\/\/geschmiertes.de\/geschmiertes\/wp-content\/uploads\/2021\/08\/Lauf_2019-05-23_Video-TS-Medien.jpg","url":"http:\/\/geschmiertes.de\/geschmiertes\/wp-content\/uploads\/2021\/08\/Lauf_2019-05-23_Video-TS-Medien.jpg","contentUrl":"http:\/\/geschmiertes.de\/geschmiertes\/wp-content\/uploads\/2021\/08\/Lauf_2019-05-23_Video-TS-Medien.jpg","width":1920,"height":908,"caption":"Karsten Richter"},"logo":{"@id":"http:\/\/geschmiertes.de\/geschmiertes\/wp-content\/uploads\/2021\/08\/Lauf_2019-05-23_Video-TS-Medien.jpg"},"sameAs":["http:\/\/noisepoint.net\/"],"url":"https:\/\/geschmiertes.de\/geschmiertes\/author\/karsten\/"}]}},"_links":{"self":[{"href":"https:\/\/geschmiertes.de\/geschmiertes\/wp-json\/wp\/v2\/posts\/78","targetHints":{"allow":["GET"]}}],"collection":[{"href":"https:\/\/geschmiertes.de\/geschmiertes\/wp-json\/wp\/v2\/posts"}],"about":[{"href":"https:\/\/geschmiertes.de\/geschmiertes\/wp-json\/wp\/v2\/types\/post"}],"author":[{"embeddable":true,"href":"https:\/\/geschmiertes.de\/geschmiertes\/wp-json\/wp\/v2\/users\/2"}],"replies":[{"embeddable":true,"href":"https:\/\/geschmiertes.de\/geschmiertes\/wp-json\/wp\/v2\/comments?post=78"}],"version-history":[{"count":10,"href":"https:\/\/geschmiertes.de\/geschmiertes\/wp-json\/wp\/v2\/posts\/78\/revisions"}],"predecessor-version":[{"id":597,"href":"https:\/\/geschmiertes.de\/geschmiertes\/wp-json\/wp\/v2\/posts\/78\/revisions\/597"}],"wp:featuredmedia":[{"embeddable":true,"href":"https:\/\/geschmiertes.de\/geschmiertes\/wp-json\/wp\/v2\/media\/121"}],"wp:attachment":[{"href":"https:\/\/geschmiertes.de\/geschmiertes\/wp-json\/wp\/v2\/media?parent=78"}],"wp:term":[{"taxonomy":"category","embeddable":true,"href":"https:\/\/geschmiertes.de\/geschmiertes\/wp-json\/wp\/v2\/categories?post=78"},{"taxonomy":"post_tag","embeddable":true,"href":"https:\/\/geschmiertes.de\/geschmiertes\/wp-json\/wp\/v2\/tags?post=78"}],"curies":[{"name":"wp","href":"https:\/\/api.w.org\/{rel}","templated":true}]}}